{"id":2069,"date":"2022-03-23T13:36:25","date_gmt":"2022-03-23T13:36:25","guid":{"rendered":"https:\/\/laburar.importante.com.ar\/?p=2069"},"modified":"2022-03-23T13:36:25","modified_gmt":"2022-03-23T13:36:25","slug":"mimo-fabricara-ropa-en-la-rioja-y-creara-250-puestos-de-trabajo","status":"publish","type":"post","link":"https:\/\/laburar.importante.com.ar\/?p=2069","title":{"rendered":"Mimo fabricar\u00e1 ropa en La Rioja y crear\u00e1 250 puestos de trabajo"},"content":{"rendered":"<p>Las empresas Mimo &amp; Co y Textilcom se asociaron para radicarse en La Rioja, donde prev\u00e9n generar alrededor de 250 puestos de trabajo genuinos, lo que permitir\u00e1 reconvertir planes sociales en empleo privado.<\/p>\n<p>As\u00ed lo anunciaron tras una reuni\u00f3n entre el gobernador, Ricardo Quintela, el CEO de Textilcom, Carlos Villarino y el gerente de Producci\u00f3n de Mimo, Octavio V\u00e9lez.<\/p>\n<p>Al respecto, el ministro de Trabajo, Empleo e Industria, Federico Baz\u00e1n, asegur\u00f3 que \u00abes la segunda oportunidad que Textilcom est\u00e1 en La Rioja, y en la primera ya anunciaron su radicaci\u00f3n\u00bb.<\/p>\n<p>\u00abEs una suma de esfuerzos m\u00e1s la voluntad pol\u00edtica del gobernador, tal como plante\u00f3 al principio de su gesti\u00f3n con respecto a medidas diferenciadoras en la provincia, adem\u00e1s del apoyo invalorable de la Naci\u00f3n para atraer este tipo de inversiones con la clara consigna de generaci\u00f3n de trabajo como ordenador y dignificador de las familias riojanas\u00bb, dijo Baz\u00e1n.<\/p>\n<p>Textilcom, con presencia en Villa Soldati, tiene la intenci\u00f3n de radicar la empresa en La Rioja contratando 250 trabajadores y van a producir fundamentalmente una parte de la l\u00ednea de Mimo, confirm\u00f3, al tiempo que adelant\u00f3 que \u00absu idea es articular todos los mecanismos para comenzar a trabajar en 60 d\u00edas en la planta industrial, y para que en unos seis a ocho meses est\u00e9n al 100% de productividad y con los trabajadores contratados\u00bb.<\/p>\n<p>Por otra parte, el funcionario afirm\u00f3 que la empresa \u00abve en La Rioja buenos recursos humanos y una cultura del trabajo que en otros lugares se est\u00e1 perdiendo, y sumado a los beneficios de nuestro gobierno provincial y nacional, en conjunto, los impuls\u00f3 a tomar la decisi\u00f3n de continuar haciendo una radicaci\u00f3n de largo plazo\u00bb.<\/p>\n<p>Asimismo, revel\u00f3 que \u00abMimo tiene la idea de federalizar la productividad y tenerla en diferentes provincias del pa\u00eds; aqu\u00ed en La Rioja van a aportar la producci\u00f3n para hacer un lindo proyecto de fabricaci\u00f3n y que se genere una cantidad importante de empleo, y para ello hicieron antes una evaluaci\u00f3n del potencial de nuestro recurso humano\u00bb.<\/p>\n","protected":false},"excerpt":{"rendered":"<p>Las empresas Mimo &amp; Co y Textilcom se asociaron para radicarse en La Rioja, donde prev\u00e9n generar alrededor de 250 puestos de&hellip;<\/p>\n","protected":false},"author":1,"featured_media":2070,"comment_status":"open","ping_status":"open","sticky":false,"template":"","format":"standard","meta":{"footnotes":""},"categories":[3],"tags":[62,63,168,167,165,166,146],"class_list":["post-2069","post","type-post","status-publish","format-standard","has-post-thumbnail","hentry","category-nacion","tag-home","tag-home-destacadas","tag-la-rioja","tag-mimo","tag-textil","tag-textilcom","tag-trabajo"],"_links":{"self":[{"href":"https:\/\/laburar.importante.com.ar\/index.php?rest_route=\/wp\/v2\/posts\/2069","targetHints":{"allow":["GET"]}}],"collection":[{"href":"https:\/\/laburar.importante.com.ar\/index.php?rest_route=\/wp\/v2\/posts"}],"about":[{"href":"https:\/\/laburar.importante.com.ar\/index.php?rest_route=\/wp\/v2\/types\/post"}],"author":[{"embeddable":true,"href":"https:\/\/laburar.importante.com.ar\/index.php?rest_route=\/wp\/v2\/users\/1"}],"replies":[{"embeddable":true,"href":"https:\/\/laburar.importante.com.ar\/index.php?rest_route=%2Fwp%2Fv2%2Fcomments&post=2069"}],"version-history":[{"count":1,"href":"https:\/\/laburar.importante.com.ar\/index.php?rest_route=\/wp\/v2\/posts\/2069\/revisions"}],"predecessor-version":[{"id":2071,"href":"https:\/\/laburar.importante.com.ar\/index.php?rest_route=\/wp\/v2\/posts\/2069\/revisions\/2071"}],"wp:featuredmedia":[{"embeddable":true,"href":"https:\/\/laburar.importante.com.ar\/index.php?rest_route=\/wp\/v2\/media\/2070"}],"wp:attachment":[{"href":"https:\/\/laburar.importante.com.ar\/index.php?rest_route=%2Fwp%2Fv2%2Fmedia&parent=2069"}],"wp:term":[{"taxonomy":"category","embeddable":true,"href":"https:\/\/laburar.importante.com.ar\/index.php?rest_route=%2Fwp%2Fv2%2Fcategories&post=2069"},{"taxonomy":"post_tag","embeddable":true,"href":"https:\/\/laburar.importante.com.ar\/index.php?rest_route=%2Fwp%2Fv2%2Ftags&post=2069"}],"curies":[{"name":"wp","href":"https:\/\/api.w.org\/{rel}","templated":true}]}}